{"id":2665,"date":"2020-03-02T12:35:23","date_gmt":"2020-03-02T12:35:23","guid":{"rendered":"http:\/\/eibz.educacion.navarra.es\/blogak\/a-eredua\/?p=2665"},"modified":"2023-06-29T08:40:03","modified_gmt":"2023-06-29T08:40:03","slug":"ahozko-hizkuntza-lantzeko-jarduerak","status":"publish","type":"post","link":"https:\/\/eibz.educacion.navarra.es\/blogak\/a-eredua\/2020\/03\/02\/ahozko-hizkuntza-lantzeko-jarduerak\/","title":{"rendered":"Ahozko hizkuntza lantzeko jarduerak"},"content":{"rendered":"\n<p>2008-2009 ikasturtean&nbsp;<em>A eredua: material didaktikoen lanketa Haur Hezkuntzan<\/em>&nbsp;ikastaroan, Mari Arrijuria, Josune Azcona, Nerea Carton, Maite Celayeta Oteiza, Sonia Encinas, Isaak Etxebeste, Enara Gonzalo, Miren Go\u00f1i, Aitziber Iraizoz, Miren Gurutze Jauregui, Nerea Lasa, Ainara Lopez de Alda, Ainara Lumbreras, Miguel Luna, Garbi\u00f1e Macazaga, Idoia Obineta, Leire Ota\u00f1o, Jennifer Perez, Maria Jose Ruiz, Mikel Uribarren, Maite Uriz, Eneritz Zabaleta, Arrate Zarraua, Izaskun Zendoia, Nekane Zozaya eta Amaia Zudaire irakasleek &#8220;<strong>Ahozko hizkuntza lantzeko jarduerak<\/strong>&#8221; prestatu zituzten. Eguneratu ditugu eta hemen dituzue eskuragai: <\/p>\n\n\n\n<div class=\"wp-block-columns has-4-columns\">\n<div class=\"wp-block-column\">\n<figure class=\"wp-block-image size-large\"><a href=\"https:\/\/drive.google.com\/file\/d\/1zgunHcQ1btMosPZWNGYn0w9YbxmsPJma\/view?usp=sharing\" target=\"_blank\" rel=\"noreferrer noopener\"><img loading=\"lazy\" width=\"300\" height=\"200\" src=\"https:\/\/eibz.educacion.navarra.es\/blogak\/a-eredua\/files\/2020\/02\/errutinak_web.png\" alt=\"errutinak A ereduan\" class=\"wp-image-3250\"\/><\/a><\/figure>\n<\/div>\n\n\n\n<div class=\"wp-block-column\">\n<h4 class=\"has-text-align-left\"><a href=\"https:\/\/drive.google.com\/file\/d\/1zgunHcQ1btMosPZWNGYn0w9YbxmsPJma\/view?usp=sharing\" target=\"_blank\" rel=\"noreferrer noopener\" aria-label=\"Zer egingo dugu gaur? (erlaitz berrian irekia)\">Zer egingo dugu gaur?<\/a><\/h4>\n<\/div>\n\n\n\n<div class=\"wp-block-column\">\n<figure class=\"wp-block-image size-large\"><a href=\"https:\/\/drive.google.com\/file\/d\/1P0KtSvmBrxVVuiQHPfei5wFScAQGRnRR\/view?usp=sharing\" target=\"_blank\" rel=\"noreferrer noopener\"><img loading=\"lazy\" width=\"300\" height=\"200\" src=\"https:\/\/eibz.educacion.navarra.es\/blogak\/a-eredua\/files\/2020\/02\/arduraduna-web.png\" alt=\"arduraduna A eredua\" class=\"wp-image-3257\"\/><\/a><\/figure>\n<\/div>\n\n\n\n<div class=\"wp-block-column\">\n<h4 class=\"has-text-align-left\"><a href=\"https:\/\/drive.google.com\/file\/d\/1P0KtSvmBrxVVuiQHPfei5wFScAQGRnRR\/view?usp=sharing\" target=\"_blank\" rel=\"noreferrer noopener\" aria-label=\"Arduraduna (erlaitz berrian irekia)\">Arduraduna<\/a><\/h4>\n<\/div>\n<\/div>\n\n\n\n<div class=\"wp-block-columns has-4-columns\">\n<div class=\"wp-block-column\">\n<figure class=\"wp-block-image size-large\"><a href=\"https:\/\/drive.google.com\/file\/d\/1rFzE_hu8gzuA-trextZoJrjF-nK5dhRQ\/view?usp=sharing\" target=\"_blank\" rel=\"noreferrer noopener\"><img loading=\"lazy\" width=\"300\" height=\"200\" src=\"https:\/\/eibz.educacion.navarra.es\/blogak\/a-eredua\/files\/2020\/02\/asteko-egunak_web.png\" alt=\"asteko egunak\" class=\"wp-image-3358\"\/><\/a><\/figure>\n<\/div>\n\n\n\n<div class=\"wp-block-column\">\n<h4 class=\"has-text-align-left\"><a rel=\"noreferrer noopener\" aria-label=\"Asteko eguna (erlaitz berrian irekia)\" href=\"https:\/\/drive.google.com\/file\/d\/1rFzE_hu8gzuA-trextZoJrjF-nK5dhRQ\/view?usp=sharing\" target=\"_blank\">Asteko egunak<\/a><\/h4>\n<\/div>\n\n\n\n<div class=\"wp-block-column\">\n<figure class=\"wp-block-image size-large\"><a href=\"https:\/\/drive.google.com\/file\/d\/1-yEtX3moBTiEivCpWBcYwXbVX6cyhoG8\/view?usp=sharing\" target=\"_blank\" rel=\"noreferrer noopener\"><img loading=\"lazy\" width=\"300\" height=\"200\" src=\"https:\/\/eibz.educacion.navarra.es\/blogak\/a-eredua\/files\/2020\/02\/urtaroak-web4.png\" alt=\"urtaroak A eredua\" class=\"wp-image-3285\"\/><\/a><\/figure>\n<\/div>\n\n\n\n<div class=\"wp-block-column\">\n<h4 class=\"has-text-align-left\"><a href=\"https:\/\/drive.google.com\/file\/d\/1-yEtX3moBTiEivCpWBcYwXbVX6cyhoG8\/view?usp=sharing\" target=\"_blank\" rel=\"noreferrer noopener\" aria-label=\" (erlaitz berrian irekia)\">Urtaroak<\/a><\/h4>\n<\/div>\n<\/div>\n\n\n\n<div class=\"wp-block-columns has-4-columns\">\n<div class=\"wp-block-column\">\n<figure class=\"wp-block-image size-large\"><a href=\"https:\/\/drive.google.com\/file\/d\/1ZVXJXrvrp00MsKQe_xCpcPhhytYC3-p5\/view?usp=sharing\" target=\"_blank\" rel=\"noreferrer noopener\"><img loading=\"lazy\" width=\"300\" height=\"200\" src=\"https:\/\/eibz.educacion.navarra.es\/blogak\/a-eredua\/files\/2020\/02\/eguraldia-web2.png\" alt=\"eguraldia A eredua\" class=\"wp-image-3280\"\/><\/a><\/figure>\n<\/div>\n\n\n\n<div class=\"wp-block-column\">\n<h4><a href=\"https:\/\/drive.google.com\/file\/d\/1ZVXJXrvrp00MsKQe_xCpcPhhytYC3-p5\/view?usp=sharing\" target=\"_blank\" rel=\"noreferrer noopener\" aria-label=\"Eguraldia (erlaitz berrian irekia)\">Eguraldia<\/a><\/h4>\n<\/div>\n\n\n\n<div class=\"wp-block-column\">\n<figure class=\"wp-block-image size-large\"><a href=\"https:\/\/drive.google.com\/file\/d\/1oKDlp8ILRUyP2loDC9AqDNBowUOeVyTP\/view?usp=sharing\" target=\"_blank\" rel=\"noreferrer noopener\"><img loading=\"lazy\" width=\"300\" height=\"200\" src=\"https:\/\/eibz.educacion.navarra.es\/blogak\/a-eredua\/files\/2020\/02\/koloreak-web.png\" alt=\"koloreak A eredua\" class=\"wp-image-3272\"\/><\/a><\/figure>\n<\/div>\n\n\n\n<div class=\"wp-block-column\">\n<h4><a href=\"https:\/\/drive.google.com\/file\/d\/1oKDlp8ILRUyP2loDC9AqDNBowUOeVyTP\/view?usp=sharing\" target=\"_blank\" rel=\"noreferrer noopener\" aria-label=\"Koloreak  (erlaitz berrian irekia)\">Koloreak <\/a><\/h4>\n<\/div>\n<\/div>\n\n\n\n<div class=\"wp-block-columns has-4-columns\">\n<div class=\"wp-block-column\">\n<figure class=\"wp-block-image size-large\"><a href=\"https:\/\/drive.google.com\/file\/d\/1caKx4q8vObI0MNZrQSdCZxiPiyzqSPB-\/view?usp=sharing\" target=\"_blank\" rel=\"noreferrer noopener\"><img loading=\"lazy\" width=\"300\" height=\"200\" src=\"https:\/\/eibz.educacion.navarra.es\/blogak\/a-eredua\/files\/2020\/02\/aurpegia_web.png\" alt=\"aurpegia\" class=\"wp-image-3360\"\/><\/a><\/figure>\n<\/div>\n\n\n\n<div class=\"wp-block-column\">\n<h4><a rel=\"noreferrer noopener\" aria-label=\" Aurpegi atalak (erlaitz berrian irekia)\" href=\"https:\/\/drive.google.com\/file\/d\/1caKx4q8vObI0MNZrQSdCZxiPiyzqSPB-\/view?usp=sharing\" target=\"_blank\">Aurpegi atalak<\/a> <\/h4>\n<\/div>\n\n\n\n<div class=\"wp-block-column\">\n<figure class=\"wp-block-image size-large\"><a href=\"https:\/\/drive.google.com\/file\/d\/1YK2EfQEL6dDkfs7bS5F5lIOQgrPPX2mf\/view?usp=sharing\" target=\"_blank\" rel=\"noreferrer noopener\"><img loading=\"lazy\" width=\"300\" height=\"200\" src=\"https:\/\/eibz.educacion.navarra.es\/blogak\/a-eredua\/files\/2020\/02\/non-dago-web.png\" alt=\"Non dago\" class=\"wp-image-3270\"\/><\/a><\/figure>\n<\/div>\n\n\n\n<div class=\"wp-block-column\">\n<h4><a href=\"https:\/\/drive.google.com\/file\/d\/1YK2EfQEL6dDkfs7bS5F5lIOQgrPPX2mf\/view?usp=sharing\" target=\"_blank\" rel=\"noreferrer noopener\" aria-label=\"Non dago ...? (erlaitz berrian irekia)\">Non dago &#8230;?<\/a><\/h4>\n<\/div>\n<\/div>\n\n\n\n<hr class=\"wp-block-separator is-style-wide\"\/>\n\n\n\n<p>2008-2009 ikasturtean sortutako eta antolatutako material gehiago ikusteko, ondorengo irudian klik egin ezazu: <\/p>\n\n\n\n<figure class=\"wp-block-image size-large\"><a href=\"http:\/\/eibz.educacion.navarra.es\/baliabideak\/a_materiala\/0809\/index.htm\" target=\"_blank\" rel=\"noreferrer noopener\"><img loading=\"lazy\" width=\"650\" height=\"255\" src=\"https:\/\/eibz.educacion.navarra.es\/blogak\/a-eredua\/files\/2020\/01\/2008-2009web.png\" alt=\"2008-2009_Aeredua\" class=\"wp-image-3206\" srcset=\"https:\/\/eibz.educacion.navarra.es\/blogak\/a-eredua\/files\/2020\/01\/2008-2009web.png 650w, https:\/\/eibz.educacion.navarra.es\/blogak\/a-eredua\/files\/2020\/01\/2008-2009web-300x118.png 300w, https:\/\/eibz.educacion.navarra.es\/blogak\/a-eredua\/files\/2020\/01\/2008-2009web-624x245.png 624w\" sizes=\"(max-width: 650px) 100vw, 650px\" \/><\/a><\/figure>\n","protected":false},"excerpt":{"rendered":"<p>2008-2009 ikasturtean&nbsp;A eredua: material didaktikoen lanketa Haur Hezkuntzan&nbsp;ikastaroan, Mari Arrijuria, Josune Azcona, Nerea Carton, Maite Celayeta Oteiza, Sonia Encinas, Isaak Etxebeste, Enara Gonzalo, Miren Go\u00f1i, Aitziber Iraizoz, Miren Gurutze Jauregui, Nerea Lasa, Ainara Lopez de Alda, Ainara Lumbreras, Miguel Luna, Garbi\u00f1e Macazaga, Idoia Obineta, Leire Ota\u00f1o, Jennifer Perez, Maria Jose Ruiz, Mikel Uribarren, Maite Uriz, [&hellip;]<\/p>\n","protected":false},"author":31,"featured_media":0,"comment_status":"open","ping_status":"open","sticky":false,"template":"","format":"standard","meta":[],"categories":[5],"tags":[91,82],"featured_image_src":null,"featured_image_src_square":null,"author_info":{"display_name":"EIBZ","author_link":"https:\/\/eibz.educacion.navarra.es\/blogak\/a-eredua\/author\/ainara\/"},"_links":{"self":[{"href":"https:\/\/eibz.educacion.navarra.es\/blogak\/a-eredua\/wp-json\/wp\/v2\/posts\/2665"}],"collection":[{"href":"https:\/\/eibz.educacion.navarra.es\/blogak\/a-eredua\/wp-json\/wp\/v2\/posts"}],"about":[{"href":"https:\/\/eibz.educacion.navarra.es\/blogak\/a-eredua\/wp-json\/wp\/v2\/types\/post"}],"author":[{"embeddable":true,"href":"https:\/\/eibz.educacion.navarra.es\/blogak\/a-eredua\/wp-json\/wp\/v2\/users\/31"}],"replies":[{"embeddable":true,"href":"https:\/\/eibz.educacion.navarra.es\/blogak\/a-eredua\/wp-json\/wp\/v2\/comments?post=2665"}],"version-history":[{"count":66,"href":"https:\/\/eibz.educacion.navarra.es\/blogak\/a-eredua\/wp-json\/wp\/v2\/posts\/2665\/revisions"}],"predecessor-version":[{"id":5480,"href":"https:\/\/eibz.educacion.navarra.es\/blogak\/a-eredua\/wp-json\/wp\/v2\/posts\/2665\/revisions\/5480"}],"wp:attachment":[{"href":"https:\/\/eibz.educacion.navarra.es\/blogak\/a-eredua\/wp-json\/wp\/v2\/media?parent=2665"}],"wp:term":[{"taxonomy":"category","embeddable":true,"href":"https:\/\/eibz.educacion.navarra.es\/blogak\/a-eredua\/wp-json\/wp\/v2\/categories?post=2665"},{"taxonomy":"post_tag","embeddable":true,"href":"https:\/\/eibz.educacion.navarra.es\/blogak\/a-eredua\/wp-json\/wp\/v2\/tags?post=2665"}],"curies":[{"name":"wp","href":"https:\/\/api.w.org\/{rel}","templated":true}]}}