{"id":2695,"date":"2020-01-24T10:45:38","date_gmt":"2020-01-24T10:45:38","guid":{"rendered":"http:\/\/eibz.educacion.navarra.es\/blogak\/a-eredua\/?p=2695"},"modified":"2023-06-29T07:27:00","modified_gmt":"2023-06-29T07:27:00","slug":"haur-hezkuntzarako-6-antzerki","status":"publish","type":"post","link":"https:\/\/eibz.educacion.navarra.es\/blogak\/a-eredua\/2020\/01\/24\/haur-hezkuntzarako-6-antzerki\/","title":{"rendered":"Haur Hezkuntzarako 6 antzerki"},"content":{"rendered":"\n<p>2008-2009 ikasturtean <em>A eredua: material didaktikoen lanketa Haur Hezkuntzan<\/em>\u00a0ikastaroan,  Mari Arrijuria, Josune Azcona, Nerea Carton, Maite Celayeta Oteiza, Sonia Encinas, Isaak Etxebeste, Enara Gonzalo, Miren Go\u00f1i, Aitziber Iraizoz, Miren Gurutze Jauregui, Nerea Lasa, Ainara Lopez de Alda, Ainara Lumbreras,  Miguel Luna, Garbi\u00f1e Macazaga, Idoia Obineta, Leire Ota\u00f1o, Jennifer Perez, Maria Jose Ruiz, Mikel Uribarren, Maite Uriz, Eneritz Zabaleta, Arrate Zarraua, Izaskun Zendoia, Nekane Zozaya eta Amaia Zudaire irakasleek honako <strong>antzerkia<\/strong> hauek prestatu zituzten:<\/p>\n\n\n\n<h2 class=\"has-text-color\" style=\"color:#e68300\">3 urte<\/h2>\n\n\n\n<div class=\"wp-block-columns\">\n<div class=\"wp-block-column\" style=\"flex-basis:41.66%\">\n<h5 class=\"has-text-align-right\">Peru eta Marigorringo<\/h5>\n<\/div>\n\n\n\n<div class=\"wp-block-column\" style=\"flex-basis:25%\">\n<figure class=\"wp-block-image size-large\"><a href=\"https:\/\/drive.google.com\/file\/d\/1F0MsCHShb0ROroV6HqD0rWqS2zqg_omW\/view?usp=sharing\" target=\"_blank\" rel=\"noreferrer noopener\"><img loading=\"lazy\" width=\"300\" height=\"200\" src=\"https:\/\/eibz.educacion.navarra.es\/blogak\/a-eredua\/files\/2020\/01\/antzerkia2-web.png\" alt=\"antzerkia A eredua\" class=\"wp-image-2944\"\/><\/a><\/figure>\n<\/div>\n\n\n\n<div class=\"wp-block-column\" style=\"flex-basis:33.34%\">\n<figure class=\"wp-block-image size-large\"><a href=\"https:\/\/drive.google.com\/file\/d\/1VcO2J4oYaH4zRN0IdFIfsmEkHgmLbPub\/view?usp=sharing\" target=\"_blank\" rel=\"noreferrer noopener\"><img loading=\"lazy\" width=\"62\" height=\"88\" src=\"https:\/\/eibz.educacion.navarra.es\/blogak\/a-eredua\/files\/2019\/11\/eredua-oso-txikia.png\" alt=\"eredua\" class=\"wp-image-2409\"\/><\/a><\/figure>\n<\/div>\n<\/div>\n\n\n\n<div class=\"wp-block-columns\">\n<div class=\"wp-block-column\" style=\"flex-basis:41.66%\">\n<h5 class=\"has-text-align-right\">Tximeleta eta loreak<\/h5>\n<\/div>\n\n\n\n<div class=\"wp-block-column\" style=\"flex-basis:25%\">\n<figure class=\"wp-block-image size-large\"><a href=\"https:\/\/drive.google.com\/file\/d\/1PL1mJ5KeUUdj1yk-u5m3UXWEt2zjH62D\/view?usp=sharing\" target=\"_blank\" rel=\"noreferrer noopener\"><img loading=\"lazy\" width=\"300\" height=\"200\" src=\"https:\/\/eibz.educacion.navarra.es\/blogak\/a-eredua\/files\/2020\/01\/antzerkia2-web.png\" alt=\"antzerkia A eredua\" class=\"wp-image-2944\"\/><\/a><\/figure>\n<\/div>\n\n\n\n<div class=\"wp-block-column\" style=\"flex-basis:33.34%\">\n<figure class=\"wp-block-image size-large\"><a href=\"https:\/\/drive.google.com\/file\/d\/1LFbepHaQqjrCyHroMluWa8DHZXTLW_QA\/view?usp=sharing\" target=\"_blank\" rel=\"noreferrer noopener\"><img loading=\"lazy\" width=\"62\" height=\"88\" src=\"https:\/\/eibz.educacion.navarra.es\/blogak\/a-eredua\/files\/2019\/11\/eredua-oso-txikia.png\" alt=\"eredua\" class=\"wp-image-2409\"\/><\/a><\/figure>\n<\/div>\n<\/div>\n\n\n\n<hr class=\"wp-block-separator is-style-wide\"\/>\n\n\n\n<h2 class=\"has-text-color\" style=\"color:#e68300\">4 urte<\/h2>\n\n\n\n<div class=\"wp-block-columns\">\n<div class=\"wp-block-column\" style=\"flex-basis:41.66%\">\n<h5 class=\"has-text-align-right\">3 txerrikumeak eta otsoa<\/h5>\n<\/div>\n\n\n\n<div class=\"wp-block-column\" style=\"flex-basis:25%\">\n<figure class=\"wp-block-image size-large\"><a href=\"https:\/\/drive.google.com\/file\/d\/1uEs5SFdyv2zOfJpgl9DH3d7Ca1mUl5gH\/view?usp=sharing\" target=\"_blank\" rel=\"noreferrer noopener\"><img loading=\"lazy\" width=\"300\" height=\"200\" src=\"https:\/\/eibz.educacion.navarra.es\/blogak\/a-eredua\/files\/2020\/01\/antzerkia2-web.png\" alt=\"antzerkia A eredua\" class=\"wp-image-2944\"\/><\/a><\/figure>\n<\/div>\n\n\n\n<div class=\"wp-block-column\" style=\"flex-basis:33.34%\">\n<figure class=\"wp-block-image size-large\"><a href=\"https:\/\/drive.google.com\/file\/d\/1rVq_LQ6KjW0XjxixOw81A8BCmrnELB5U\/view?usp=sharing\" target=\"_blank\" rel=\"noreferrer noopener\"><img loading=\"lazy\" width=\"62\" height=\"88\" src=\"https:\/\/eibz.educacion.navarra.es\/blogak\/a-eredua\/files\/2019\/11\/eredua-oso-txikia.png\" alt=\"eredua\" class=\"wp-image-2409\"\/><\/a><\/figure>\n<\/div>\n<\/div>\n\n\n\n<div class=\"wp-block-columns\">\n<div class=\"wp-block-column\" style=\"flex-basis:41.66%\">\n<h5 class=\"has-text-align-right\">Txanogorritxo<\/h5>\n<\/div>\n\n\n\n<div class=\"wp-block-column\" style=\"flex-basis:25%\">\n<figure class=\"wp-block-image size-large\"><a href=\"https:\/\/drive.google.com\/file\/d\/1pnuN20M02VeTEUuentorVcD6RxtzYxI8\/view?usp=sharing\" target=\"_blank\" rel=\"noreferrer noopener\"><img loading=\"lazy\" width=\"300\" height=\"200\" src=\"https:\/\/eibz.educacion.navarra.es\/blogak\/a-eredua\/files\/2020\/01\/antzerkia2-web.png\" alt=\"antzerkia A eredua\" class=\"wp-image-2944\"\/><\/a><\/figure>\n<\/div>\n\n\n\n<div class=\"wp-block-column\" style=\"flex-basis:33.34%\">\n<figure class=\"wp-block-image size-large\"><a href=\"https:\/\/drive.google.com\/file\/d\/1hEnj2dK0AaFX93TvRfah0hM-gv9nhSCs\/view?usp=sharing\" target=\"_blank\" rel=\"noreferrer noopener\"><img loading=\"lazy\" width=\"62\" height=\"88\" src=\"https:\/\/eibz.educacion.navarra.es\/blogak\/a-eredua\/files\/2019\/11\/eredua-oso-txikia.png\" alt=\"eredua\" class=\"wp-image-2409\"\/><\/a><\/figure>\n<\/div>\n<\/div>\n\n\n\n<hr class=\"wp-block-separator is-style-wide\"\/>\n\n\n\n<h2 class=\"has-text-color\" style=\"color:#e68300\">5 urte<\/h2>\n\n\n\n<div class=\"wp-block-columns\">\n<div class=\"wp-block-column\" style=\"flex-basis:41.66%\">\n<h5 class=\"has-text-align-right\">Sagutxo kaskarina<\/h5>\n<\/div>\n\n\n\n<div class=\"wp-block-column\" style=\"flex-basis:25%\">\n<figure class=\"wp-block-image size-large\"><a href=\"https:\/\/drive.google.com\/file\/d\/1E4L2dNg1U23xzmP910rivR0T7WME69pJ\/view?usp=sharing\" target=\"_blank\" rel=\"noreferrer noopener\"><img loading=\"lazy\" width=\"300\" height=\"200\" src=\"https:\/\/eibz.educacion.navarra.es\/blogak\/a-eredua\/files\/2020\/01\/antzerkia2-web.png\" alt=\"antzerkia A eredua\" class=\"wp-image-2944\"\/><\/a><\/figure>\n<\/div>\n\n\n\n<div class=\"wp-block-column\" style=\"flex-basis:33.34%\">\n<figure class=\"wp-block-image size-large\"><a href=\"https:\/\/drive.google.com\/file\/d\/1SrqqYbSva00FjaIUGK_9U4o9W5aFm3iy\/view?usp=sharing\" target=\"_blank\" rel=\"noreferrer noopener\"><img loading=\"lazy\" width=\"62\" height=\"88\" src=\"https:\/\/eibz.educacion.navarra.es\/blogak\/a-eredua\/files\/2019\/11\/eredua-oso-txikia.png\" alt=\"eredua\" class=\"wp-image-2409\"\/><\/a><\/figure>\n<\/div>\n<\/div>\n\n\n\n<div class=\"wp-block-columns\">\n<div class=\"wp-block-column\" style=\"flex-basis:41.66%\">\n<h5 class=\"has-text-align-right\">Txokolatezko etxea<\/h5>\n<\/div>\n\n\n\n<div class=\"wp-block-column\" style=\"flex-basis:25%\">\n<figure class=\"wp-block-image size-large\"><a href=\"https:\/\/drive.google.com\/file\/d\/16xQ3rdRPXNre7DjA6JOgs19K5aeJUmlS\/view?usp=sharing\" target=\"_blank\" rel=\"noreferrer noopener\"><img loading=\"lazy\" width=\"300\" height=\"200\" src=\"https:\/\/eibz.educacion.navarra.es\/blogak\/a-eredua\/files\/2020\/01\/antzerkia2-web.png\" alt=\"antzerkia A eredua\" class=\"wp-image-2944\"\/><\/a><\/figure>\n<\/div>\n\n\n\n<div class=\"wp-block-column\" style=\"flex-basis:33.34%\">\n<figure class=\"wp-block-image size-large\"><a href=\"https:\/\/drive.google.com\/file\/d\/1xeocWDn6S_e8NlX89DWkdSWqdwRt6BXZ\/view?usp=sharing\" target=\"_blank\" rel=\"noreferrer noopener\"><img loading=\"lazy\" width=\"62\" height=\"88\" src=\"https:\/\/eibz.educacion.navarra.es\/blogak\/a-eredua\/files\/2019\/11\/eredua-oso-txikia.png\" alt=\"eredua\" class=\"wp-image-2409\"\/><\/a><\/figure>\n<\/div>\n<\/div>\n\n\n\n<hr class=\"wp-block-separator is-style-wide\"\/>\n\n\n\n<p>2008-2009 ikasturtean sortutako eta antolatutako material gehiago ikusteko, ondorengo irudian klik egin ezazu: <\/p>\n\n\n\n<figure class=\"wp-block-image size-large\"><a href=\"http:\/\/eibz.educacion.navarra.es\/baliabideak\/a_materiala\/0809\/index.htm\" target=\"_blank\" rel=\"noreferrer noopener\"><img src=\"https:\/\/eibz.educacion.navarra.es\/blogak\/a-eredua\/files\/2020\/01\/2008-2009-2.png\" alt=\"\" class=\"wp-image-3207\"\/><\/a><\/figure>\n","protected":false},"excerpt":{"rendered":"<p>2008-2009 ikasturtean A eredua: material didaktikoen lanketa Haur Hezkuntzan\u00a0ikastaroan, Mari Arrijuria, Josune Azcona, Nerea Carton, Maite Celayeta Oteiza, Sonia Encinas, Isaak Etxebeste, Enara Gonzalo, Miren Go\u00f1i, Aitziber Iraizoz, Miren Gurutze Jauregui, Nerea Lasa, Ainara Lopez de Alda, Ainara Lumbreras, Miguel Luna, Garbi\u00f1e Macazaga, Idoia Obineta, Leire Ota\u00f1o, Jennifer Perez, Maria Jose Ruiz, Mikel Uribarren, Maite [&hellip;]<\/p>\n","protected":false},"author":31,"featured_media":0,"comment_status":"open","ping_status":"open","sticky":false,"template":"","format":"standard","meta":[],"categories":[5],"tags":[],"featured_image_src":null,"featured_image_src_square":null,"author_info":{"display_name":"EIBZ","author_link":"https:\/\/eibz.educacion.navarra.es\/blogak\/a-eredua\/author\/ainara\/"},"_links":{"self":[{"href":"https:\/\/eibz.educacion.navarra.es\/blogak\/a-eredua\/wp-json\/wp\/v2\/posts\/2695"}],"collection":[{"href":"https:\/\/eibz.educacion.navarra.es\/blogak\/a-eredua\/wp-json\/wp\/v2\/posts"}],"about":[{"href":"https:\/\/eibz.educacion.navarra.es\/blogak\/a-eredua\/wp-json\/wp\/v2\/types\/post"}],"author":[{"embeddable":true,"href":"https:\/\/eibz.educacion.navarra.es\/blogak\/a-eredua\/wp-json\/wp\/v2\/users\/31"}],"replies":[{"embeddable":true,"href":"https:\/\/eibz.educacion.navarra.es\/blogak\/a-eredua\/wp-json\/wp\/v2\/comments?post=2695"}],"version-history":[{"count":33,"href":"https:\/\/eibz.educacion.navarra.es\/blogak\/a-eredua\/wp-json\/wp\/v2\/posts\/2695\/revisions"}],"predecessor-version":[{"id":5470,"href":"https:\/\/eibz.educacion.navarra.es\/blogak\/a-eredua\/wp-json\/wp\/v2\/posts\/2695\/revisions\/5470"}],"wp:attachment":[{"href":"https:\/\/eibz.educacion.navarra.es\/blogak\/a-eredua\/wp-json\/wp\/v2\/media?parent=2695"}],"wp:term":[{"taxonomy":"category","embeddable":true,"href":"https:\/\/eibz.educacion.navarra.es\/blogak\/a-eredua\/wp-json\/wp\/v2\/categories?post=2695"},{"taxonomy":"post_tag","embeddable":true,"href":"https:\/\/eibz.educacion.navarra.es\/blogak\/a-eredua\/wp-json\/wp\/v2\/tags?post=2695"}],"curies":[{"name":"wp","href":"https:\/\/api.w.org\/{rel}","templated":true}]}}