{"id":908,"date":"2023-03-01T12:46:55","date_gmt":"2023-03-01T12:46:55","guid":{"rendered":"https:\/\/eibz.educacion.navarra.es\/blogak\/esamoldeak\/?p=908"},"modified":"2023-03-01T12:46:55","modified_gmt":"2023-03-01T12:46:55","slug":"arnastu-eta-putz-egin-biak-batera-ezin","status":"publish","type":"post","link":"https:\/\/eibz.educacion.navarra.es\/blogak\/esamoldeak\/2023\/03\/01\/arnastu-eta-putz-egin-biak-batera-ezin\/","title":{"rendered":"Arnastu eta putz egin, biak batera ezin"},"content":{"rendered":"\n<p><mark style=\"background-color:rgba(0, 0, 0, 0)\" class=\"has-inline-color has-blue-color\">Azalpena<\/mark><\/p>\n\n\n\n<p>Elkarren aurkako gauzak batera egitea ezinezkoa denean.<\/p>\n\n\n\n<p><mark style=\"background-color:rgba(0, 0, 0, 0)\" class=\"has-inline-color has-blue-color\">Aldaerak<\/mark><\/p>\n\n\n\n<p>Arnasa hartu eta putz egin, biak batera ezin<\/p>\n\n\n\n<p>Esnetsu eta zopatsu, ezin da<\/p>\n\n\n\n<p>Zurrut eta purrut, era batera ezin<\/p>\n\n\n\n<p>Ez daiteke berotu ta irikin<\/p>\n\n\n\n<p>Arnasie artu eta putz ei\u00f1, bixak batera ezin<\/p>\n\n\n\n<p>Aubea mozkorturik ta zaragia osoan ezin lei<\/p>\n\n\n\n<p>Jenteek nahi l\u00fckee ekia ta argizagia junta ditean<\/p>\n\n\n\n<div class=\"wp-block-image\"><figure class=\"aligncenter size-medium is-resized\"><a href=\"https:\/\/eibz.educacion.navarra.es\/blogak\/esamoldeak\/files\/2023\/03\/image.png\"><img loading=\"lazy\" src=\"https:\/\/eibz.educacion.navarra.es\/blogak\/esamoldeak\/files\/2023\/03\/image-247x300.png\" alt=\"\" class=\"wp-image-909\" width=\"247\" height=\"300\" srcset=\"https:\/\/eibz.educacion.navarra.es\/blogak\/esamoldeak\/files\/2023\/03\/image-247x300.png 247w, https:\/\/eibz.educacion.navarra.es\/blogak\/esamoldeak\/files\/2023\/03\/image.png 323w\" sizes=\"(max-width: 247px) 100vw, 247px\" \/><\/a><figcaption><em>Photo by\u00a0<\/em><a href=\"https:\/\/unsplash.com\/@martinwyall?utm_source=unsplash&amp;utm_medium=referral&amp;utm_content=creditCopyText\"><em>Martin Wyall<\/em><\/a><em>\u00a0on\u00a0<a href=\"https:\/\/unsplash.com\/s\/photos\/impossible?utm_source=unsplash&amp;utm_medium=referral&amp;utm_content=creditCopyText\">Unsplash<\/a><\/em><\/figcaption><\/figure><\/div>\n\n\n\n<p><mark style=\"background-color:rgba(0, 0, 0, 0)\" class=\"has-inline-color has-blue-color\">Beste hizkuntza batzuetan<\/mark><\/p>\n\n\n\n<p><strong><em>gazt.<\/em> <\/strong>No se puede chiflar y beber agua, Dormir y guardar las eras, no hay manera, No se puede estar en misa y repicando, Quien destaja, no baraja<\/p>\n\n\n\n<p><strong><em>fr.<\/em><\/strong><em> <\/em>On ne peut pas boire et siffler \u00e0 la fois, On ne peut pas \u00eatre \u00e0 la fois au four et au moulin, On ne peut sonner les cloches et aller \u00e0 la procession, L&#8217;on ne peut courir ensemble et corner, On ne peut pas carillonner et aller \u00e0 la procession<\/p>\n\n\n\n<p><strong><em>en. <\/em><\/strong>No man can sup and blow together<\/p>\n\n\n\n<p><strong><em>kat.<\/em> <\/strong>Beure i xiular no pot ser, Bufar i xuclar no va a la par, Mai no podr\u00e0s fer a un temps, beure, jeure i plegar fems, No es pot repicar i anar a la process\u00f3, No es pot ser a missa i repicar<\/p>\n\n\n\n<p><strong><em>gal.<\/em><\/strong> Soprar e sorber non se pode facer, Urdir e tecer non pode ser<\/p>\n\n\n\n<p><mark style=\"background-color:rgba(0, 0, 0, 0)\" class=\"has-inline-color has-blue-color\">Testuinguruan <\/mark><\/p>\n\n\n\n<ul><li>Unai Fdz. De Beto\u00f1o: in <em><a href=\"https:\/\/twitter.com\/UnaiFdB\/status\/930018146399944704\">Twitter <\/a><\/em>(2017-XI-13):<\/li><\/ul>\n\n\n\n<p class=\"has-text-align-center\">Gasteiz 11.000 etxe berrirekin birdentsifikatu eta, ondoren, Arabako landa-eremuaren hustuketa konpontzen saiatu. <strong>Arnasa hartu eta putz egin, biak batera ezin<\/strong>. <a href=\"https:\/\/twitter.com\/hashtag\/LurraldeAntolamendua?src=hashtag_click\">#LurraldeAntolamendua<\/a><\/p>\n\n\n\n<ul><li>Be\u00f1at Hach Embarek Irizar: Arnasguneak Kartzelan, in <em><a href=\"https:\/\/zuzeu.eus\/euskara\/arnasguneak-kartzelan\/\">Zuzeu <\/a><\/em>(2010-X-1):<\/li><\/ul>\n\n\n\n<p>\u201cArnasa gara\u201d kanpainak bi fase izango dituela adierazi dute sustatzaileek. Lehenengoan arnasguneen aitortza eta ahalduntzea bilatuko da, eta horren baitan kokatzen da, besteak beste,&nbsp;<em>Kartzela<\/em>. Kanpainaren bigarren fasean mezua Euskal Herriko gainerako herritarrentzat izango da. Abenduaren erdialdean serie digitala ikusgai egongo da, eta EiTBk zabalkunde horretan lagunduko du, arnasguneen gaineko mezua gune horietan bizi ez diren herritarrei helarazi asmoz.<\/p>\n\n\n\n<p>Ekimen honek badu beste indargune adierazgarri bat. Euskal Herriaren zatiketaren ondorioz dauzkagun hiru administrazioak (Trebi\u00f1urekin lau) elkarlanean arituko dira: Eusko Jaurlaritza, Nafarroako Gobernua eta Euskararen Erakunde Publikoa. Euskaraldian ere halaxe aritu dira aipatutako instituzioak elkarlanean, eta begi bistakoa da zeinen emaitza onak eman dituen elkarri begira lan egiteak, elkarri bizkarra ematen Madrilera edo Parisera begira egon ordez.<\/p>\n\n\n\n<p>\u201c<strong>Arnasa hartu eta putz egin, biak batera ezin<\/strong>\u201d, dio atsotitz batek. Hori asmatu zuenak ez zituen albokariak ezagutzen; eta UEMA ere ez.<\/p>\n\n\n\n<p><mark style=\"background-color:rgba(0, 0, 0, 0)\" class=\"has-inline-color has-blue-color\">Iturriak<\/mark><\/p>\n\n\n\n<p><a href=\"https:\/\/twitter.com\/UnaiFdB\/status\/930018146399944704\">Twitter<\/a>, <a href=\"https:\/\/zuzeu.eus\/euskara\/arnasguneak-kartzelan\/\">Zuzeu<\/a><\/p>\n","protected":false},"excerpt":{"rendered":"<p>Azalpena Elkarren aurkako gauzak batera egitea ezinezkoa denean. Aldaerak Arnasa hartu eta putz egin, biak batera ezin Esnetsu eta zopatsu, ezin da Zurrut eta purrut, era batera ezin Ez daiteke berotu ta irikin Arnasie artu eta putz ei\u00f1, bixak batera ezin Aubea mozkorturik ta zaragia osoan ezin lei Jenteek nahi l\u00fckee ekia ta argizagia junta [&hellip;]<\/p>\n","protected":false},"author":30,"featured_media":0,"comment_status":"open","ping_status":"open","sticky":false,"template":"","format":"standard","meta":[],"categories":[61],"tags":[29],"featured_image_src":null,"featured_image_src_square":null,"author_info":{"display_name":"itzul","author_link":"https:\/\/eibz.educacion.navarra.es\/blogak\/esamoldeak\/author\/saioa\/"},"_links":{"self":[{"href":"https:\/\/eibz.educacion.navarra.es\/blogak\/esamoldeak\/wp-json\/wp\/v2\/posts\/908"}],"collection":[{"href":"https:\/\/eibz.educacion.navarra.es\/blogak\/esamoldeak\/wp-json\/wp\/v2\/posts"}],"about":[{"href":"https:\/\/eibz.educacion.navarra.es\/blogak\/esamoldeak\/wp-json\/wp\/v2\/types\/post"}],"author":[{"embeddable":true,"href":"https:\/\/eibz.educacion.navarra.es\/blogak\/esamoldeak\/wp-json\/wp\/v2\/users\/30"}],"replies":[{"embeddable":true,"href":"https:\/\/eibz.educacion.navarra.es\/blogak\/esamoldeak\/wp-json\/wp\/v2\/comments?post=908"}],"version-history":[{"count":1,"href":"https:\/\/eibz.educacion.navarra.es\/blogak\/esamoldeak\/wp-json\/wp\/v2\/posts\/908\/revisions"}],"predecessor-version":[{"id":910,"href":"https:\/\/eibz.educacion.navarra.es\/blogak\/esamoldeak\/wp-json\/wp\/v2\/posts\/908\/revisions\/910"}],"wp:attachment":[{"href":"https:\/\/eibz.educacion.navarra.es\/blogak\/esamoldeak\/wp-json\/wp\/v2\/media?parent=908"}],"wp:term":[{"taxonomy":"category","embeddable":true,"href":"https:\/\/eibz.educacion.navarra.es\/blogak\/esamoldeak\/wp-json\/wp\/v2\/categories?post=908"},{"taxonomy":"post_tag","embeddable":true,"href":"https:\/\/eibz.educacion.navarra.es\/blogak\/esamoldeak\/wp-json\/wp\/v2\/tags?post=908"}],"curies":[{"name":"wp","href":"https:\/\/api.w.org\/{rel}","templated":true}]}}