{"id":999,"date":"2025-05-19T12:35:00","date_gmt":"2025-05-19T12:35:00","guid":{"rendered":"https:\/\/eibz.educacion.navarra.es\/blogak\/esamoldeak\/?p=999"},"modified":"2025-05-19T12:35:01","modified_gmt":"2025-05-19T12:35:01","slug":"eguzkia-nora-zapiak-hara","status":"publish","type":"post","link":"https:\/\/eibz.educacion.navarra.es\/blogak\/esamoldeak\/2025\/05\/19\/eguzkia-nora-zapiak-hara\/","title":{"rendered":"Eguzkia nora, zapiak hara"},"content":{"rendered":"\n<p><mark style=\"background-color:rgba(0, 0, 0, 0)\" class=\"has-inline-color has-blue-color\">Azalpena<\/mark><\/p>\n\n\n\n<p>Interesagatik edo onuraren bat lortzeagatik beste pertsona batzuengana hurbiltzea.<\/p>\n\n\n\n<p><mark style=\"background-color:rgba(0, 0, 0, 0)\" class=\"has-inline-color has-blue-color\">Aldaerak<\/mark><\/p>\n\n\n\n<p>Eguzkia nora, zapiak hara egin<\/p>\n\n\n\n<p>Haizea nora, zapiak hara (egin)<\/p>\n\n\n\n<div class=\"wp-block-image\"><figure class=\"aligncenter size-medium\"><a href=\"https:\/\/eibz.educacion.navarra.es\/blogak\/esamoldeak\/files\/2025\/05\/jason-briscoe-Eu4_4e8_ltE-unsplash-scaled.jpg\"><img loading=\"lazy\" width=\"300\" height=\"200\" src=\"https:\/\/eibz.educacion.navarra.es\/blogak\/esamoldeak\/files\/2025\/05\/jason-briscoe-Eu4_4e8_ltE-unsplash-300x200.jpg\" alt=\"\" class=\"wp-image-1000\" srcset=\"https:\/\/eibz.educacion.navarra.es\/blogak\/esamoldeak\/files\/2025\/05\/jason-briscoe-Eu4_4e8_ltE-unsplash-300x200.jpg 300w, https:\/\/eibz.educacion.navarra.es\/blogak\/esamoldeak\/files\/2025\/05\/jason-briscoe-Eu4_4e8_ltE-unsplash-1024x683.jpg 1024w, https:\/\/eibz.educacion.navarra.es\/blogak\/esamoldeak\/files\/2025\/05\/jason-briscoe-Eu4_4e8_ltE-unsplash-768x512.jpg 768w, https:\/\/eibz.educacion.navarra.es\/blogak\/esamoldeak\/files\/2025\/05\/jason-briscoe-Eu4_4e8_ltE-unsplash-1536x1024.jpg 1536w, https:\/\/eibz.educacion.navarra.es\/blogak\/esamoldeak\/files\/2025\/05\/jason-briscoe-Eu4_4e8_ltE-unsplash-2048x1365.jpg 2048w, https:\/\/eibz.educacion.navarra.es\/blogak\/esamoldeak\/files\/2025\/05\/jason-briscoe-Eu4_4e8_ltE-unsplash-600x400.jpg 600w, https:\/\/eibz.educacion.navarra.es\/blogak\/esamoldeak\/files\/2025\/05\/jason-briscoe-Eu4_4e8_ltE-unsplash-624x416.jpg 624w\" sizes=\"(max-width: 300px) 100vw, 300px\" \/><\/a><\/figure><\/div>\n\n\n\n<p class=\"has-text-align-center\"><em><sup>P<\/sup><\/em><sup><em>hoto by<\/em>\u00a0<a href=\"https:\/\/unsplash.com\/es\/@jsnbrsc\">Jason Briscoe<\/a> <em>in\u00a0<\/em><a href=\"https:\/\/unsplash.com\/es\/fotos\/tuG_tiHI3aI?utm_source=unsplash&amp;utm_medium=referral&amp;utm_content=creditCopyText\"><em>Unsplash<\/em><\/a><\/sup><\/p>\n\n\n\n<p><mark style=\"background-color:rgba(0, 0, 0, 0)\" class=\"has-inline-color has-blue-color\">Beste hizkuntza batzuetan<\/mark><\/p>\n\n\n\n<p><em><strong>gazt.<\/strong><\/em>Arrimarse al sol que m\u00e1s calienta<\/p>\n\n\n\n<p><em><strong>fr.<\/strong><\/em><strong>&nbsp;<\/strong>Se mettre du c\u00f4t\u00e9 du plus fort<\/p>\n\n\n\n<p><em><strong>en.<\/strong><\/em> To keep in with the right people<\/p>\n\n\n\n<p><mark style=\"background-color:rgba(0, 0, 0, 0)\" class=\"has-inline-color has-blue-color\">Testuinguruan<\/mark><\/p>\n\n\n\n<ul><li>Etxeberria, H.: Imaz Jenerala, in <em><a href=\"https:\/\/zuzeu.eus\/euskal-herria\/imaz-jenerala\/\">Zuzeu<\/a><\/em>:<\/li><\/ul>\n\n\n\n<p>Hor zehar esaten da \u2014eta halaxe ikusten dut neuk ere\u2014, EAJ beti izango dela herri honen zatirik handiena bere baitan hartuko duena. Horrexetan dela abila alderdi hau: beti irabazten. Printzipio irmoak baino, gehiago duela zernahitara egokitzeko gaitasuna. Eta hala, Jainkoa eta Lege Zaharrak tituluan daroan arren, dibortzia edo abortuaren alde ager daiteke herritarren pentsaera alde horretara garatzen bada. Berdin ekonomian, berdin gizarte-politikan\u2026 Guardasolaren antzera, beti gainean egongo den plastilinazko paramezio bat izango da EAJ: <strong>eguzkia nora, zapiak hara<\/strong>.\u00a0<\/p>\n\n\n\n<ul><li>Zarate, M.: <em>Haurgintza minetan<\/em> -3-, in <em><a href=\"https:\/\/www.armiarma.eus\/zarate\/haur.htm\">Armiarma<\/a><\/em>:<\/li><\/ul>\n\n\n\n<p>Zorri hil biztua da Don Gregorio (lehen bezela, Harro esaten diote orain ere ekidazuarrek). Eta zorri hil biztua baino pistia txarragorik ez dago, nire adiskide batek esaten duenez. Aberats berria, herri-filosofo zakarra ta harroa, sasi-jakituna dugu, eta mundu haundiko gizona dela esaten du berak, Frantziatik, Italiatik, Alemaniatik eta Alaskatik ere ibilia delako (eskoletan egoten dira batzutan mandoeuliak ere, baina ez dute ezer ikasten). Politikaz liberala dela esaten du, baina bere antzeko beste askoren antzera, gerritik behera bakarrik da liberala; haren politika: <strong>eguzkia nora, zapiak hara<\/strong>. Erlijioz, jakina, katolikua da izenez (Ekidazuko Don Jose zaharrak bateatu zuen eta); baina izanez katilukoa. Haren ustez, mundu hau tripak eta tripapekoak darabilte.<\/p>\n\n\n\n<p><mark style=\"background-color:rgba(0, 0, 0, 0)\" class=\"has-inline-color has-blue-color\">Iturriak<\/mark><\/p>\n\n\n\n<p><a href=\"https:\/\/hiztegiak.elhuyar.eus\/eu\/eguzkia%20nora%2C%20zapiak%20hara\">Elhuyar<\/a>, <a href=\"https:\/\/hiztegia.labayru.eus\/emaitza\/LH\/es\/arrimarse%2520al%2520sol%2520que%2520m%25C3%25A1s%2520calienta\/2541539?locale=eu\">Labayru<\/a>, <a href=\"https:\/\/zuzeu.eus\/euskal-herria\/imaz-jenerala\/\">Zuzeu<\/a>, <a href=\"https:\/\/www.armiarma.eus\/zarate\/haur.htm\">Armiarma<\/a><\/p>\n","protected":false},"excerpt":{"rendered":"<p>Azalpena Interesagatik edo onuraren bat lortzeagatik beste pertsona batzuengana hurbiltzea. Aldaerak Eguzkia nora, zapiak hara egin Haizea nora, zapiak hara (egin) Photo by\u00a0Jason Briscoe in\u00a0Unsplash Beste hizkuntza batzuetan gazt.Arrimarse al sol que m\u00e1s calienta fr.&nbsp;Se mettre du c\u00f4t\u00e9 du plus fort en. To keep in with the right people Testuinguruan Etxeberria, H.: Imaz Jenerala, in [&hellip;]<\/p>\n","protected":false},"author":30,"featured_media":0,"comment_status":"open","ping_status":"open","sticky":false,"template":"","format":"standard","meta":[],"categories":[61],"tags":[52],"featured_image_src":null,"featured_image_src_square":null,"author_info":{"display_name":"itzul","author_link":"https:\/\/eibz.educacion.navarra.es\/blogak\/esamoldeak\/author\/saioa\/"},"_links":{"self":[{"href":"https:\/\/eibz.educacion.navarra.es\/blogak\/esamoldeak\/wp-json\/wp\/v2\/posts\/999"}],"collection":[{"href":"https:\/\/eibz.educacion.navarra.es\/blogak\/esamoldeak\/wp-json\/wp\/v2\/posts"}],"about":[{"href":"https:\/\/eibz.educacion.navarra.es\/blogak\/esamoldeak\/wp-json\/wp\/v2\/types\/post"}],"author":[{"embeddable":true,"href":"https:\/\/eibz.educacion.navarra.es\/blogak\/esamoldeak\/wp-json\/wp\/v2\/users\/30"}],"replies":[{"embeddable":true,"href":"https:\/\/eibz.educacion.navarra.es\/blogak\/esamoldeak\/wp-json\/wp\/v2\/comments?post=999"}],"version-history":[{"count":1,"href":"https:\/\/eibz.educacion.navarra.es\/blogak\/esamoldeak\/wp-json\/wp\/v2\/posts\/999\/revisions"}],"predecessor-version":[{"id":1001,"href":"https:\/\/eibz.educacion.navarra.es\/blogak\/esamoldeak\/wp-json\/wp\/v2\/posts\/999\/revisions\/1001"}],"wp:attachment":[{"href":"https:\/\/eibz.educacion.navarra.es\/blogak\/esamoldeak\/wp-json\/wp\/v2\/media?parent=999"}],"wp:term":[{"taxonomy":"category","embeddable":true,"href":"https:\/\/eibz.educacion.navarra.es\/blogak\/esamoldeak\/wp-json\/wp\/v2\/categories?post=999"},{"taxonomy":"post_tag","embeddable":true,"href":"https:\/\/eibz.educacion.navarra.es\/blogak\/esamoldeak\/wp-json\/wp\/v2\/tags?post=999"}],"curies":[{"name":"wp","href":"https:\/\/api.w.org\/{rel}","templated":true}]}}