{"id":12018,"date":"2015-11-27T08:00:57","date_gmt":"2015-11-27T08:00:57","guid":{"rendered":"http:\/\/eibz.educacion.navarra.es\/blogak\/liburutegia\/?p=12018"},"modified":"2015-11-27T08:00:57","modified_gmt":"2015-11-27T08:00:57","slug":"euskara-biziberritzeko-hamar-urrats","status":"publish","type":"post","link":"https:\/\/eibz.educacion.navarra.es\/blogak\/liburutegia\/2015\/11\/euskara-biziberritzeko-hamar-urrats\/","title":{"rendered":"Euskara biziberritzeko hamar urrats"},"content":{"rendered":"<p style=\"text-align: left\"><a href=\"http:\/\/zuzeu.eus\/author\/margaritxon\/\" target=\"_blank\">Margaritxon \/ 2015-11-26 \/ 224 hitz<\/a><\/p>\n<p style=\"text-align: left\"><em><strong>Txerra Rodriguez-en <a href=\"http:\/\/blogak.com\/garaigoikoa\/\" target=\"_blank\">Garaigoikoa<\/a><\/strong> blogeko bideo batean aurkitu dugu hizkuntza biziberritzeko dekalogoa.<\/em><\/p>\n<p style=\"text-align: left\"><em>Ikusiko duzuenez, ez dago espresuki gure hizkuntzarentzat pentsatua baina\u2026 blogeko soziolinguistak berak esaten duen moduan, \u201cgaliziera jartzen duen tokian euskara jarri daiteke lasai asko\u201d<\/em><\/p>\n<p style=\"text-align: left\"><!--more--><\/p>\n<h3><strong>Hamar urrats hizkuntza biziberritzeko<\/strong><\/h3>\n<p><strong>Bat:<\/strong> Egin berba euskaraz mundu guztiarekin: familiarekin, lagunekin, kalean aurkitzen dituzunekin\u2026<\/p>\n<p><strong>Bi:<\/strong> Errespeta itzazu euskaraz berba egiten dutenak, beraiek zure hizkuntza errespetatzen duten bezala.<\/p>\n<p><strong>Hiru:<\/strong> Izan zaitez fidela gure hizkuntzarekin. Jarraitu erabiltzen, euskaraz erantzuten ez badizute ere.<\/p>\n<p><strong>Lau:<\/strong> Norbait euskaraz egiten saiatzen bada, ez da bere ahalegina eskertzen duzula erakusteko modu hoberik normaltasunez euskaraz berba egiten jarraitzea baino.<\/p>\n<p><strong>Bost:<\/strong> Hartu ohar guztiak, mezu elektronikoak, gutunak\u2026 euskaraz idazteko erabakia.<\/p>\n<p><strong>Sei:<\/strong> Beharrezkoa balitz, euskaratu ezazu zeure izena eta berreskuratu abizenaren euskal grafia.<\/p>\n<p><strong>Zazpi:<\/strong> Harpidetu zaitez euskarazko argitalpenetara. Irakurri liburuak, joan antzerkira, kontzertuetara, bisitatu web atariak\u2026 euskaraz.<\/p>\n<p><strong>Zortzi:<\/strong> Eskatu administrazioari eta bezero zaituzten enpresa guztiei euskaraz (eta modu atseginean) har zaitzaten.<\/p>\n<p><strong>Bederatzi:<\/strong> Zure ohiko hizkuntza gaztelera edo frantsesa bada, eta ez bazara egunerokotasunean euskaraz aritzeko kapaza sentitzen, (gutxienez) agertu ezazu hizkuntzarekiko jakin-mina eta begirunea.<\/p>\n<p><strong>Hamar:<\/strong> Beti erdaraz berba egin duzun egoeratan euskaraz berba egitea nekeza egiten bazaizu, saia zaitez egoera berrietan euskara erabiltzen, eta horrela, ohitura hartzen joango zara.<\/p>\n<p>&nbsp;<\/p>\n<h5><em><a href=\"http:\/\/www.amesa.gal\/\" target=\"_blank\">\u201cDez pasos para revitalizarmos o galego\u201d<\/a> <\/em>legez aurkezten bazaigu ere \u2013<strong>A Mesa por la normalizaci\u00f3n ling\u00fc\u00edstica<\/strong> elkarteak aurkeztua-, jatorri alemaniarra duen <a href=\"http:\/\/www.lavozdegalicia.es\/santiago\/2010\/04\/22\/0003_8434698.htm\" target=\"_blank\"><strong><em>Tilbert D. Stegmann<\/em><\/strong><\/a> katalanistarena ei da dekalogo originala.<\/h5>\n","protected":false},"excerpt":{"rendered":"<p>Margaritxon \/ 2015-11-26 \/ 224 hitz Txerra Rodriguez-en Garaigoikoa blogeko bideo batean aurkitu dugu hizkuntza biziberritzeko dekalogoa. Ikusiko duzuenez, ez dago espresuki gure hizkuntzarentzat pentsatua baina\u2026 blogeko soziolinguistak berak esaten duen moduan, \u201cgaliziera jartzen duen tokian euskara jarri daiteke lasai &hellip; <a href=\"https:\/\/eibz.educacion.navarra.es\/blogak\/liburutegia\/2015\/11\/euskara-biziberritzeko-hamar-urrats\/\">Jarraitu irakurtzen <span class=\"meta-nav\">&rarr;<\/span><\/a><\/p>\n","protected":false},"author":6,"featured_media":0,"comment_status":"open","ping_status":"open","sticky":false,"template":"","format":"standard","meta":[],"categories":[5505,5716,5493,65,38,5504,5496,5625],"tags":[5986,5987,5985,5988,4243],"featured_image_src":null,"featured_image_src_square":null,"author_info":{"display_name":"liburutegia","author_link":"https:\/\/eibz.educacion.navarra.es\/blogak\/liburutegia\/author\/liburutegia\/"},"_links":{"self":[{"href":"https:\/\/eibz.educacion.navarra.es\/blogak\/liburutegia\/wp-json\/wp\/v2\/posts\/12018"}],"collection":[{"href":"https:\/\/eibz.educacion.navarra.es\/blogak\/liburutegia\/wp-json\/wp\/v2\/posts"}],"about":[{"href":"https:\/\/eibz.educacion.navarra.es\/blogak\/liburutegia\/wp-json\/wp\/v2\/types\/post"}],"author":[{"embeddable":true,"href":"https:\/\/eibz.educacion.navarra.es\/blogak\/liburutegia\/wp-json\/wp\/v2\/users\/6"}],"replies":[{"embeddable":true,"href":"https:\/\/eibz.educacion.navarra.es\/blogak\/liburutegia\/wp-json\/wp\/v2\/comments?post=12018"}],"version-history":[{"count":1,"href":"https:\/\/eibz.educacion.navarra.es\/blogak\/liburutegia\/wp-json\/wp\/v2\/posts\/12018\/revisions"}],"predecessor-version":[{"id":12019,"href":"https:\/\/eibz.educacion.navarra.es\/blogak\/liburutegia\/wp-json\/wp\/v2\/posts\/12018\/revisions\/12019"}],"wp:attachment":[{"href":"https:\/\/eibz.educacion.navarra.es\/blogak\/liburutegia\/wp-json\/wp\/v2\/media?parent=12018"}],"wp:term":[{"taxonomy":"category","embeddable":true,"href":"https:\/\/eibz.educacion.navarra.es\/blogak\/liburutegia\/wp-json\/wp\/v2\/categories?post=12018"},{"taxonomy":"post_tag","embeddable":true,"href":"https:\/\/eibz.educacion.navarra.es\/blogak\/liburutegia\/wp-json\/wp\/v2\/tags?post=12018"}],"curies":[{"name":"wp","href":"https:\/\/api.w.org\/{rel}","templated":true}]}}